{"id":1196,"date":"2023-09-18T17:47:00","date_gmt":"2023-09-18T15:47:00","guid":{"rendered":"https:\/\/www.chorakademievorarlberg.at\/?p=1196"},"modified":"2023-11-04T08:01:53","modified_gmt":"2023-11-04T07:01:53","slug":"programm-fuer-2024-steht-fest","status":"publish","type":"post","link":"https:\/\/www.chorakademievorarlberg.at\/?p=1196","title":{"rendered":"Programm f\u00fcr 2024 steht fest"},"content":{"rendered":"\n<h2 class=\"wp-block-heading\">Anton Bruckner: Messe Nr. 2 in e-Moll<br>John Rutter: Gloria<\/h2>\n\n\n\n<p>Chorakademie Vorarlberg<br>Sinfonietta Vorarlberg<br>Leitung: Markus Landerer<\/p>\n\n\n\n<h2 class=\"wp-block-heading\">Auff\u00fchrungen<\/h2>\n\n\n\n<p>Samstag, 27. J\u00e4nner 2024, 19.30 Uhr<br>Sonntag, 28. J\u00e4nner 2024, 11.00 Uhr<\/p>\n\n\n\n<p>Kapelle der Stella Vorarlberg<br>Privathochschule f\u00fcr Musik, Feldkirch.<\/p>\n\n\n\n<h2 class=\"wp-block-heading\">Kartenvorverkauf<\/h2>\n\n\n\n<p>Karten sind bei bei allen Sparkassen und Raiffeisenbanken erh\u00e4ltlich oder k\u00f6nnen bei\u00a0<a rel=\"noreferrer noopener\" href=\"https:\/\/laendleticket.com\/alle-events\/-event\/anton-bruckner-i-john-rutter\" target=\"_blank\">L\u00e4ndletickets<\/a>\u00a0gleich online bestellt werden.<\/p>\n\n\n\n<div class=\"wp-block-columns is-layout-flex wp-container-4\">\n<div class=\"wp-block-column is-layout-flow\">\n<div class=\"wp-block-buttons is-layout-flex\">\n<div class=\"wp-block-button\"><a class=\"wp-block-button__link wp-element-button\" href=\"https:\/\/laendleticket.com\/alle-events\/-event\/anton-bruckner-i-john-rutter\" target=\"_blank\" rel=\"noreferrer noopener\">tickets kaufen<\/a><\/div>\n<\/div>\n<\/div>\n\n\n\n<div class=\"wp-block-column is-layout-flow\">\n<div class=\"wp-block-file\"><a href=\"http:\/\/www.chorakademievorarlberg.at\/wp-content\/uploads\/2023\/10\/Plakat_Bruckner_2024.pdf\" class=\"wp-block-file__button wp-element-button\" download>plakat Herunterladen<\/a><\/div>\n<\/div>\n<\/div>\n","protected":false},"excerpt":{"rendered":"<p>Anton Bruckner: Messe Nr. 2 in e-MollJohn Rutter: Gloria Chorakademie VorarlbergSinfonietta VorarlbergLeitung: Markus Landerer Auff\u00fchrungen Samstag, 27. J\u00e4nner 2024, 19.30 UhrSonntag, 28. J\u00e4nner 2024, 11.00 Uhr Kapelle der Stella VorarlbergPrivathochschule f\u00fcr Musik, Feldkirch. Kartenvorverkauf Karten sind bei bei allen Sparkassen und Raiffeisenbanken erh\u00e4ltlich oder k\u00f6nnen bei\u00a0L\u00e4ndletickets\u00a0gleich online bestellt werden.<\/p>\n","protected":false},"author":3,"featured_media":0,"comment_status":"closed","ping_status":"closed","sticky":false,"template":"","format":"standard","meta":{"_vp_format_video_url":"","_vp_image_focal_point":[]},"categories":[1],"tags":[],"_links":{"self":[{"href":"https:\/\/www.chorakademievorarlberg.at\/index.php?rest_route=\/wp\/v2\/posts\/1196"}],"collection":[{"href":"https:\/\/www.chorakademievorarlberg.at\/index.php?rest_route=\/wp\/v2\/posts"}],"about":[{"href":"https:\/\/www.chorakademievorarlberg.at\/index.php?rest_route=\/wp\/v2\/types\/post"}],"author":[{"embeddable":true,"href":"https:\/\/www.chorakademievorarlberg.at\/index.php?rest_route=\/wp\/v2\/users\/3"}],"replies":[{"embeddable":true,"href":"https:\/\/www.chorakademievorarlberg.at\/index.php?rest_route=%2Fwp%2Fv2%2Fcomments&post=1196"}],"version-history":[{"count":6,"href":"https:\/\/www.chorakademievorarlberg.at\/index.php?rest_route=\/wp\/v2\/posts\/1196\/revisions"}],"predecessor-version":[{"id":1228,"href":"https:\/\/www.chorakademievorarlberg.at\/index.php?rest_route=\/wp\/v2\/posts\/1196\/revisions\/1228"}],"wp:attachment":[{"href":"https:\/\/www.chorakademievorarlberg.at\/index.php?rest_route=%2Fwp%2Fv2%2Fmedia&parent=1196"}],"wp:term":[{"taxonomy":"category","embeddable":true,"href":"https:\/\/www.chorakademievorarlberg.at\/index.php?rest_route=%2Fwp%2Fv2%2Fcategories&post=1196"},{"taxonomy":"post_tag","embeddable":true,"href":"https:\/\/www.chorakademievorarlberg.at\/index.php?rest_route=%2Fwp%2Fv2%2Ftags&post=1196"}],"curies":[{"name":"wp","href":"https:\/\/api.w.org\/{rel}","templated":true}]}}